{"id":477,"date":"2017-11-15T11:31:26","date_gmt":"2017-11-15T11:31:26","guid":{"rendered":"http:\/\/fortempack.hu\/?p=477"},"modified":"2018-04-18T07:58:16","modified_gmt":"2018-04-18T07:58:16","slug":"hogyan-valasszunk-kotelet","status":"publish","type":"post","link":"http:\/\/fortempack.hu\/?p=477","title":{"rendered":"Hogyan v\u00e1lasszunk k\u00f6telet?"},"content":{"rendered":"<h1 class=\"intro\"><span style=\"color: #000080;\"><img loading=\"lazy\" class=\"wp-image-275 alignleft\" src=\"http:\/\/fortempack.hu\/wp-content\/uploads\/2017\/08\/ko\u0308te\u0301l-e1501762425911.jpg\" alt=\"\" width=\"193\" height=\"193\" srcset=\"http:\/\/fortempack.hu\/wp-content\/uploads\/2017\/08\/ko\u0308te\u0301l-e1501762425911.jpg 518w, http:\/\/fortempack.hu\/wp-content\/uploads\/2017\/08\/ko\u0308te\u0301l-e1501762425911-300x300.jpg 300w, http:\/\/fortempack.hu\/wp-content\/uploads\/2017\/08\/ko\u0308te\u0301l-e1501762425911-150x150.jpg 150w\" sizes=\"(max-width: 193px) 100vw, 193px\" \/>K\u00f6telek a h\u00e1ztart\u00e1sban<\/span><\/h1>\n<p class=\"bevezeto\">A k\u00fcl\u00f6nb\u00f6z\u0151 k\u00f6teleket m\u00e1r nagyon r\u00e9g \u00f3ta haszn\u00e1ljuk a legk\u00fcl\u00f6nb\u00f6z\u0151bb dolgokra. M\u00e1r a t\u00f6rt\u00e9nelem el\u0151tti id\u0151kben is j\u00f3 szolg\u00e1latot tettek\u00a0 a vad\u00e1szat, vontat\u00e1s, lek\u00f6t\u00e9s, emel\u00e9s \u00e9s m\u00e1sz\u00e1s sor\u00e1n. Az els\u0151 k\u00f6telek val\u00f3sz\u00edn\u0171leg vadon n\u0151tt n\u00f6v\u00e9nyek \u00f6sszesodr\u00e1s\u00e1val k\u00e9sz\u00fcltek, amit az \u00e9vek sor\u00e1n folyamatosan csiszolt az emberis\u00e9g. M\u00e1ra sz\u00e1mtalan ter\u00fcleten tal\u00e1lkozhatunk k\u00fcl\u00f6nf\u00e9le k\u00f6telekkel: csomagol\u00e1s, d\u00edsz\u00edt\u00e9s, korl\u00e1t, m\u00e1sz\u00f3ka, teheremel\u00e9s, r\u00f6gz\u00edt\u00e9s&#8230;stb.<\/p>\n<p class=\"bevezeto\">Sok fajt\u00e1juk van, \u00e1m anyagukat tekintve m\u00e1r sz\u0171k\u00edthet\u0151 a k\u00f6r, \u00e9s ez alapvet\u0151 tulajdons\u00e1gaikat is meghat\u00e1rozza. A lenti le\u00edr\u00e1s seg\u00edt egy kicsit eligazodni abban, hogy milyen c\u00e9lra melyik k\u00f6telet v\u00e1lasszuk.<\/p>\n<hr \/>\n<div class=\"articletext\">\n<h2><span style=\"color: #ff0000;\">Term\u00e9szetes alapanyag\u00fa k\u00f6telek<\/span><\/h2>\n<p>B\u00e1r sok esetben a term\u00e9szetes alapanyag\u00fa k\u00f6telek kev\u00e9sb\u00e9 stabilak, mint m\u0171sz\u00e1las t\u00e1rsaik, azonban vannak olyan ter\u00fcletek, ahol m\u00e9gis n\u00e9lk\u00fcl\u00f6zhetetlenek. Az \u00e1llatok k\u00f6r\u00fcl elk\u00e9pzelhetetlen, hogy az ember ne term\u00e9szetes alapanyag\u00fa k\u00f6teleket haszn\u00e1ljon, hiszen ha v\u00e9letlen\u00fcl valamelyik \u00e1llat megr\u00e1gja, akkor &#8211; m\u00edg a term\u00e9szetes k\u00f6t\u00e9lt\u0151l nem lesz semmi baja, &#8211; a m\u0171sz\u00e1las k\u00f6telek ak\u00e1r az \u00e1llat pusztul\u00e1s\u00e1t is okozhatj\u00e1k. Dekor\u00e1ci\u00f3s c\u00e9lokra is keresettebbek ezek a term\u00e9kek, mert jobb a tapint\u00e1suk, mint m\u0171sz\u00e1las t\u00e1rsaiknak.<\/p>\n<h2><\/h2>\n<h2><strong>Kenderk\u00f6t\u00e9l<img loading=\"lazy\" class=\"wp-image-347 alignleft\" src=\"http:\/\/fortempack.hu\/wp-content\/uploads\/2017\/09\/MG_4846-m\u00e1solata.jpg\" alt=\"\" width=\"459\" height=\"177\" \/><\/strong><\/h2>\n<p>A term\u00e9szetes alap\u00fa kender k\u00f6telek keresettek a mez\u0151gazdas\u00e1gi \u00e1llattart\u00e1s, sz\u00e1ll\u00edt\u00e1s \u00e9s \u00e1rur\u00f6gz\u00edt\u00e9s ter\u00fclet\u00e9n. A k\u00f6telek szikramentes tulajdons\u00e1g\u00e1nak k\u00f6sz\u00f6nhet\u0151en haszn\u00e1lhat\u00f3k az olajiparban. A kender durva megmunk\u00e1l\u00e1s\u00fa, de id\u0151t\u00e1ll\u00f3 k\u00f6t\u00e9l. L\u00e1tszanak benne a fa szerkezeti elemek, ez\u00e9rt rusztikus hat\u00e1st kelt. A kender k\u00f6t\u00e9l az id\u0151j\u00e1r\u00e1s hat\u00e1s\u00e1ra egyre edzettebb lesz, a sz\u00e1rad\u00e1s-vizesed\u00e9s hat\u00e1s\u00e1ra er\u0151s\u00f6dik.<\/p>\n<h2><strong>Juta k\u00f6t\u00e9l<img loading=\"lazy\" class=\" wp-image-335 alignright\" src=\"http:\/\/fortempack.hu\/wp-content\/uploads\/2017\/09\/juta.jpg\" alt=\"\" width=\"341\" height=\"186\" srcset=\"http:\/\/fortempack.hu\/wp-content\/uploads\/2017\/09\/juta.jpg 2531w, http:\/\/fortempack.hu\/wp-content\/uploads\/2017\/09\/juta-300x163.jpg 300w, http:\/\/fortempack.hu\/wp-content\/uploads\/2017\/09\/juta-600x326.jpg 600w, http:\/\/fortempack.hu\/wp-content\/uploads\/2017\/09\/juta-768x418.jpg 768w, http:\/\/fortempack.hu\/wp-content\/uploads\/2017\/09\/juta-1024x557.jpg 1024w\" sizes=\"(max-width: 341px) 100vw, 341px\" \/><\/strong><\/h2>\n<p>M\u00e9zsz\u00edn\u0171, sz\u00e9p megmunk\u00e1l\u00e1s\u00fa k\u00f6t\u00e9l. Nem annyira b\u00edrja a term\u00e9szeti t\u00e9nyez\u0151ket (UV sug\u00e1rz\u00e1s, v\u00edz, hideg-meleg v\u00e1ltakoz\u00e1s). F\u0151k\u00e9nt dekor\u00e1ci\u00f3s c\u00e9lokra haszn\u00e1lj\u00e1k, illetve ott, ahol el\u0151\u00edr\u00e1s a term\u00e9szetes alapanyag (jurta s\u00e1trak lek\u00f6t\u00e9se).<\/p>\n<h2><strong>Sisal k\u00f6t\u00e9l<\/strong><\/h2>\n<p><img loading=\"lazy\" class=\"wp-image-326 alignleft\" src=\"http:\/\/fortempack.hu\/wp-content\/uploads\/2017\/09\/sisal2.jpg\" alt=\"\" width=\"273\" height=\"138\" \/>Nat\u00far feh\u00e9r sz\u00edn\u0171, durva hat\u00e1s\u00fa k\u00f6t\u00e9l. Er\u0151s sz\u00e1lainak k\u00f6sz\u00f6nhet\u0151en nehezen v\u00e1ghat\u00f3, t\u00e9phet\u0151. Macskakapar\u00f3k k\u00e9sz\u00edt\u00e9s\u00e9re haszn\u00e1latos.<\/p>\n<h2><\/h2>\n<h2><span style=\"color: #ff0000;\">M\u0171anyag k\u00f6telek<\/span><\/h2>\n<p>A savak, l\u00fagok, olajok t\u00f6bbs\u00e9g\u00e9nek j\u00f3l ellen\u00e1llnak a m\u0171anyag k\u00f6telek, azonban magas h\u0151m\u00e9rs\u00e9kleten nem haszn\u00e1lhat\u00f3k.<br \/>\nEgyes m\u0171anyag k\u00f6telek szak\u00edt\u00f3szil\u00e1rds\u00e1ga napf\u00e9ny hat\u00e1s\u00e1ra romlik, b\u00e1r vannak UV stabil term\u00e9kek is.\u00a0 T\u00f6bbs\u00e9g\u00fck t\u00falterhel\u00e9s eset\u00e9n eredeti hossz\u00e1n\u00e1l ak\u00e1r 50 sz\u00e1zal\u00e9kkal is nagyobbra ny\u00falik, \u00edgy ez egy biztos int\u0151 jel a szakad\u00e1s el\u0151tt.<br \/>\nA m\u0171anyag k\u00f6telek h\u00e1tr\u00e1nyai a kenderrel szemben, hogy rosszabb a fog\u00e1suk, megcs\u00faszva fels\u00e9rtik a tenyeret, a kop\u00e1sra \u00e9s a d\u00f6rzs\u00f6l\u0151d\u00e9sre \u00e9rz\u00e9kenyek, valamint bizonyos k\u00f6t\u00e9sek eset\u00e9n kev\u00e9sb\u00e9 stabilak &#8211; a kenderen a csom\u00f3 jobban szorul, mint a m\u0171anyag k\u00f6t\u00e9len.<\/p>\n<h2><strong>Cordel k\u00f6t\u00e9l<\/strong><\/h2>\n<p><img loading=\"lazy\" class=\"wp-image-480 alignleft\" src=\"http:\/\/fortempack.hu\/wp-content\/uploads\/2017\/11\/Kotel_Cordel_mm_fmdob-i102896.jpg\" alt=\"\" width=\"205\" height=\"152\" srcset=\"http:\/\/fortempack.hu\/wp-content\/uploads\/2017\/11\/Kotel_Cordel_mm_fmdob-i102896.jpg 237w, http:\/\/fortempack.hu\/wp-content\/uploads\/2017\/11\/Kotel_Cordel_mm_fmdob-i102896-180x134.jpg 180w\" sizes=\"(max-width: 205px) 100vw, 205px\" \/>Kis fajs\u00faly\u00fa, ez\u00e9rt a v\u00edz felsz\u00edn\u00e9n lebeg. Savakkal, tengeri organizmusokkal \u00e9s a rozsd\u00e1sod\u00e1ssal szembeni ellen\u00e1ll\u00e1sa miatt k\u00fcl\u00f6n\u00f6sen tart\u00f3s, visszadolgozhat\u00f3. \u00c1ltal\u00e1nos haszn\u00e1latra aj\u00e1nlott. Sz\u00e9p h\u00f3feh\u00e9r sz\u00edn\u0171, laza szerkezet\u0171 k\u00f6t\u00e9l.<\/p>\n<h2><strong>PPTEX k\u00f6t\u00e9l<img loading=\"lazy\" class=\"wp-image-337 alignright\" src=\"http:\/\/fortempack.hu\/wp-content\/uploads\/2017\/09\/MG_4803.jpg\" alt=\"\" width=\"373\" height=\"113\" \/><\/strong><\/h2>\n<p>Kis fajs\u00faly\u00fa, a term\u00e9szetes anyagokhoz &#8211; p\u00e9ld\u00e1ul kender &#8211; hasonl\u00f3 sz\u00ednben k\u00e9sz\u00fcl. K\u00f6zkedvelt felhaszn\u00e1l\u00e1si ter\u00fclete: kordon, dekor\u00e1ci\u00f3, hinta, m\u00e1sz\u00f3, csomagr\u00f6gz\u00edt\u0151, k\u00f6t\u00e9lh\u00faz\u00e1s, tornatermi m\u00e1sz\u00f3k\u00f6t\u00e9l.\u00a0 J\u00f3l b\u00edrja a vizet, UV sug\u00e1rz\u00e1st, sz\u00e9p megmunk\u00e1l\u00e1s\u00fa k\u00f6t\u00e9l, halv\u00e1ny sz\u00fcrke sz\u00ednben.<\/p>\n<h2><strong>Poli\u00e9szter k\u00f6t\u00e9l<\/strong><\/h2>\n<p><img loading=\"lazy\" class=\"wp-image-345 alignleft\" src=\"http:\/\/fortempack.hu\/wp-content\/uploads\/2017\/09\/MG_4841.jpg\" alt=\"\" width=\"227\" height=\"157\" \/>Er\u0151s, tart\u00f3s, magas kop\u00f3szil\u00e1rds\u00e1g\u00fa k\u00f6t\u00e9l. Alacsony ny\u00fal\u00e1si \u00e9rt\u00e9ke van, savaknak, l\u00fagnak kiv\u00e1l\u00f3an ellen\u00e1ll. A v\u00edzben elmer\u00fcl. J\u00f3l b\u00edrja az UV sug\u00e1rz\u00e1st \u00e9s a vizet.<\/p>\n<h2><strong>Polipropil\u00e9n k\u00f6t\u00e9l<img loading=\"lazy\" class=\"wp-image-330 alignright\" src=\"http:\/\/fortempack.hu\/wp-content\/uploads\/2017\/09\/pp.jpg\" alt=\"\" width=\"232\" height=\"156\" srcset=\"http:\/\/fortempack.hu\/wp-content\/uploads\/2017\/09\/pp.jpg 1404w, http:\/\/fortempack.hu\/wp-content\/uploads\/2017\/09\/pp-300x201.jpg 300w, http:\/\/fortempack.hu\/wp-content\/uploads\/2017\/09\/pp-600x403.jpg 600w, http:\/\/fortempack.hu\/wp-content\/uploads\/2017\/09\/pp-768x515.jpg 768w, http:\/\/fortempack.hu\/wp-content\/uploads\/2017\/09\/pp-1024x687.jpg 1024w, http:\/\/fortempack.hu\/wp-content\/uploads\/2017\/09\/pp-272x182.jpg 272w\" sizes=\"(max-width: 232px) 100vw, 232px\" \/><\/strong><\/h2>\n<p>Kis fajs\u00faly\u00fa, ez\u00e9rt a v\u00edz felsz\u00edn\u00e9n lebeg. Savakkal, tengeri organizmusokkal \u00e9s rozsd\u00e1sod\u00e1ssal szembeni ellen\u00e1ll\u00e1sa miatt k\u00fcl\u00f6n\u00f6sen tart\u00f3s, \u00e1ltal\u00e1nos haszn\u00e1latra. UV sug\u00e1rz\u00e1st nem b\u00edrja annyira j\u00f3l.<\/p>\n<\/div>\n","protected":false},"excerpt":{"rendered":"<p>K\u00f6telek a h\u00e1ztart\u00e1sban A k\u00fcl\u00f6nb\u00f6z\u0151 k\u00f6teleket m\u00e1r nagyon r\u00e9g \u00f3ta haszn\u00e1ljuk a legk\u00fcl\u00f6nb\u00f6z\u0151bb dolgokra. M\u00e1r a t\u00f6rt\u00e9nelem el\u0151tti id\u0151kben is j\u00f3 szolg\u00e1latot tettek\u00a0 a vad\u00e1szat, vontat\u00e1s, lek\u00f6t\u00e9s, emel\u00e9s \u00e9s m\u00e1sz\u00e1s sor\u00e1n. Az els\u0151 k\u00f6telek val\u00f3sz\u00edn\u0171leg vadon n\u0151tt n\u00f6v\u00e9nyek \u00f6sszesodr\u00e1s\u00e1val k\u00e9sz\u00fcltek, amit az \u00e9vek sor\u00e1n folyamatosan csiszolt az emberis\u00e9g. M\u00e1ra sz\u00e1mtalan ter\u00fcleten tal\u00e1lkozhatunk k\u00fcl\u00f6nf\u00e9le k\u00f6telekkel: csomagol\u00e1s, <a class=\"read-more\" href=\"http:\/\/fortempack.hu\/?p=477\">Tov\u00e1bb olvasom&#8230;<\/a><\/p>\n","protected":false},"author":1,"featured_media":373,"comment_status":"open","ping_status":"open","sticky":false,"template":"","format":"standard","meta":[],"categories":[17],"tags":[],"yoast_head":"<!-- This site is optimized with the Yoast SEO plugin v19.6 - https:\/\/yoast.com\/wordpress\/plugins\/seo\/ -->\n<title>Hogyan v\u00e1lasszunk k\u00f6telet? - Fortempack web\u00e1ruh\u00e1z<\/title>\n<meta name=\"robots\" content=\"index, follow, max-snippet:-1, max-image-preview:large, max-video-preview:-1\" \/>\n<link rel=\"canonical\" href=\"http:\/\/fortempack.hu\/?p=477\" \/>\n<meta property=\"og:locale\" content=\"hu_HU\" \/>\n<meta property=\"og:type\" content=\"article\" \/>\n<meta property=\"og:title\" content=\"Hogyan v\u00e1lasszunk k\u00f6telet? - Fortempack web\u00e1ruh\u00e1z\" \/>\n<meta property=\"og:description\" content=\"K\u00f6telek a h\u00e1ztart\u00e1sban A k\u00fcl\u00f6nb\u00f6z\u0151 k\u00f6teleket m\u00e1r nagyon r\u00e9g \u00f3ta haszn\u00e1ljuk a legk\u00fcl\u00f6nb\u00f6z\u0151bb dolgokra. M\u00e1r a t\u00f6rt\u00e9nelem el\u0151tti id\u0151kben is j\u00f3 szolg\u00e1latot tettek\u00a0 a vad\u00e1szat, vontat\u00e1s, lek\u00f6t\u00e9s, emel\u00e9s \u00e9s m\u00e1sz\u00e1s sor\u00e1n. Az els\u0151 k\u00f6telek val\u00f3sz\u00edn\u0171leg vadon n\u0151tt n\u00f6v\u00e9nyek \u00f6sszesodr\u00e1s\u00e1val k\u00e9sz\u00fcltek, amit az \u00e9vek sor\u00e1n folyamatosan csiszolt az emberis\u00e9g. M\u00e1ra sz\u00e1mtalan ter\u00fcleten tal\u00e1lkozhatunk k\u00fcl\u00f6nf\u00e9le k\u00f6telekkel: csomagol\u00e1s, Tov\u00e1bb olvasom...\" \/>\n<meta property=\"og:url\" content=\"http:\/\/fortempack.hu\/?p=477\" \/>\n<meta property=\"og:site_name\" content=\"Fortempack web\u00e1ruh\u00e1z\" \/>\n<meta property=\"article:published_time\" content=\"2017-11-15T11:31:26+00:00\" \/>\n<meta property=\"article:modified_time\" content=\"2018-04-18T07:58:16+00:00\" \/>\n<meta property=\"og:image\" content=\"http:\/\/fortempack.hu\/wp-content\/uploads\/2017\/09\/dekork\u00f6t\u00e9l.jpg\" \/>\n\t<meta property=\"og:image:width\" content=\"215\" \/>\n\t<meta property=\"og:image:height\" content=\"234\" \/>\n\t<meta property=\"og:image:type\" content=\"image\/jpeg\" \/>\n<meta name=\"author\" content=\"fortemadmin\" \/>\n<meta name=\"twitter:card\" content=\"summary_large_image\" \/>\n<meta name=\"twitter:label1\" content=\"Szerz\u0151:\" \/>\n\t<meta name=\"twitter:data1\" content=\"fortemadmin\" \/>\n\t<meta name=\"twitter:label2\" content=\"Becs\u00fclt olvas\u00e1si id\u0151\" \/>\n\t<meta name=\"twitter:data2\" content=\"4 perc\" \/>\n<script type=\"application\/ld+json\" class=\"yoast-schema-graph\">{\"@context\":\"https:\/\/schema.org\",\"@graph\":[{\"@type\":\"Article\",\"@id\":\"http:\/\/fortempack.hu\/?p=477#article\",\"isPartOf\":{\"@id\":\"http:\/\/fortempack.hu\/?p=477\"},\"author\":{\"name\":\"fortemadmin\",\"@id\":\"https:\/\/fortempack.hu\/#\/schema\/person\/f7b8182fe81bf2cff9bef55da3570164\"},\"headline\":\"Hogyan v\u00e1lasszunk k\u00f6telet?\",\"datePublished\":\"2017-11-15T11:31:26+00:00\",\"dateModified\":\"2018-04-18T07:58:16+00:00\",\"mainEntityOfPage\":{\"@id\":\"http:\/\/fortempack.hu\/?p=477\"},\"wordCount\":857,\"commentCount\":0,\"publisher\":{\"@id\":\"https:\/\/fortempack.hu\/#organization\"},\"articleSection\":[\"H\u00edrek\"],\"inLanguage\":\"hu\",\"potentialAction\":[{\"@type\":\"CommentAction\",\"name\":\"Comment\",\"target\":[\"http:\/\/fortempack.hu\/?p=477#respond\"]}]},{\"@type\":\"WebPage\",\"@id\":\"http:\/\/fortempack.hu\/?p=477\",\"url\":\"http:\/\/fortempack.hu\/?p=477\",\"name\":\"Hogyan v\u00e1lasszunk k\u00f6telet? - Fortempack web\u00e1ruh\u00e1z\",\"isPartOf\":{\"@id\":\"https:\/\/fortempack.hu\/#website\"},\"datePublished\":\"2017-11-15T11:31:26+00:00\",\"dateModified\":\"2018-04-18T07:58:16+00:00\",\"breadcrumb\":{\"@id\":\"http:\/\/fortempack.hu\/?p=477#breadcrumb\"},\"inLanguage\":\"hu\",\"potentialAction\":[{\"@type\":\"ReadAction\",\"target\":[\"http:\/\/fortempack.hu\/?p=477\"]}]},{\"@type\":\"BreadcrumbList\",\"@id\":\"http:\/\/fortempack.hu\/?p=477#breadcrumb\",\"itemListElement\":[{\"@type\":\"ListItem\",\"position\":1,\"name\":\"Home\",\"item\":\"https:\/\/fortempack.hu\/\"},{\"@type\":\"ListItem\",\"position\":2,\"name\":\"Hogyan v\u00e1lasszunk k\u00f6telet?\"}]},{\"@type\":\"WebSite\",\"@id\":\"https:\/\/fortempack.hu\/#website\",\"url\":\"https:\/\/fortempack.hu\/\",\"name\":\"Fortempack web\u00e1ruh\u00e1z\",\"description\":\"Teljesk\u00f6r\u0171 ell\u00e1t\u00e1sban FORTEM!\",\"publisher\":{\"@id\":\"https:\/\/fortempack.hu\/#organization\"},\"potentialAction\":[{\"@type\":\"SearchAction\",\"target\":{\"@type\":\"EntryPoint\",\"urlTemplate\":\"https:\/\/fortempack.hu\/?s={search_term_string}\"},\"query-input\":\"required name=search_term_string\"}],\"inLanguage\":\"hu\"},{\"@type\":\"Organization\",\"@id\":\"https:\/\/fortempack.hu\/#organization\",\"name\":\"Fortempack web\u00e1ruh\u00e1z\",\"url\":\"https:\/\/fortempack.hu\/\",\"sameAs\":[],\"logo\":{\"@type\":\"ImageObject\",\"inLanguage\":\"hu\",\"@id\":\"https:\/\/fortempack.hu\/#\/schema\/logo\/image\/\",\"url\":\"http:\/\/fortempack.hu\/wp-content\/uploads\/2021\/11\/cropped-Fortem-logo.png\",\"contentUrl\":\"http:\/\/fortempack.hu\/wp-content\/uploads\/2021\/11\/cropped-Fortem-logo.png\",\"width\":468,\"height\":143,\"caption\":\"Fortempack web\u00e1ruh\u00e1z\"},\"image\":{\"@id\":\"https:\/\/fortempack.hu\/#\/schema\/logo\/image\/\"}},{\"@type\":\"Person\",\"@id\":\"https:\/\/fortempack.hu\/#\/schema\/person\/f7b8182fe81bf2cff9bef55da3570164\",\"name\":\"fortemadmin\",\"image\":{\"@type\":\"ImageObject\",\"inLanguage\":\"hu\",\"@id\":\"https:\/\/fortempack.hu\/#\/schema\/person\/image\/\",\"url\":\"http:\/\/0.gravatar.com\/avatar\/3afe0502513eab61ecf018c93c5ce12d?s=96&d=mm&r=g\",\"contentUrl\":\"http:\/\/0.gravatar.com\/avatar\/3afe0502513eab61ecf018c93c5ce12d?s=96&d=mm&r=g\",\"caption\":\"fortemadmin\"},\"url\":\"http:\/\/fortempack.hu\/?author=1\"}]}<\/script>\n<!-- \/ Yoast SEO plugin. -->","yoast_head_json":{"title":"Hogyan v\u00e1lasszunk k\u00f6telet? - Fortempack web\u00e1ruh\u00e1z","robots":{"index":"index","follow":"follow","max-snippet":"max-snippet:-1","max-image-preview":"max-image-preview:large","max-video-preview":"max-video-preview:-1"},"canonical":"http:\/\/fortempack.hu\/?p=477","og_locale":"hu_HU","og_type":"article","og_title":"Hogyan v\u00e1lasszunk k\u00f6telet? - Fortempack web\u00e1ruh\u00e1z","og_description":"K\u00f6telek a h\u00e1ztart\u00e1sban A k\u00fcl\u00f6nb\u00f6z\u0151 k\u00f6teleket m\u00e1r nagyon r\u00e9g \u00f3ta haszn\u00e1ljuk a legk\u00fcl\u00f6nb\u00f6z\u0151bb dolgokra. M\u00e1r a t\u00f6rt\u00e9nelem el\u0151tti id\u0151kben is j\u00f3 szolg\u00e1latot tettek\u00a0 a vad\u00e1szat, vontat\u00e1s, lek\u00f6t\u00e9s, emel\u00e9s \u00e9s m\u00e1sz\u00e1s sor\u00e1n. Az els\u0151 k\u00f6telek val\u00f3sz\u00edn\u0171leg vadon n\u0151tt n\u00f6v\u00e9nyek \u00f6sszesodr\u00e1s\u00e1val k\u00e9sz\u00fcltek, amit az \u00e9vek sor\u00e1n folyamatosan csiszolt az emberis\u00e9g. M\u00e1ra sz\u00e1mtalan ter\u00fcleten tal\u00e1lkozhatunk k\u00fcl\u00f6nf\u00e9le k\u00f6telekkel: csomagol\u00e1s, Tov\u00e1bb olvasom...","og_url":"http:\/\/fortempack.hu\/?p=477","og_site_name":"Fortempack web\u00e1ruh\u00e1z","article_published_time":"2017-11-15T11:31:26+00:00","article_modified_time":"2018-04-18T07:58:16+00:00","og_image":[{"width":215,"height":234,"url":"http:\/\/fortempack.hu\/wp-content\/uploads\/2017\/09\/dekork\u00f6t\u00e9l.jpg","type":"image\/jpeg"}],"author":"fortemadmin","twitter_card":"summary_large_image","twitter_misc":{"Szerz\u0151:":"fortemadmin","Becs\u00fclt olvas\u00e1si id\u0151":"4 perc"},"schema":{"@context":"https:\/\/schema.org","@graph":[{"@type":"Article","@id":"http:\/\/fortempack.hu\/?p=477#article","isPartOf":{"@id":"http:\/\/fortempack.hu\/?p=477"},"author":{"name":"fortemadmin","@id":"https:\/\/fortempack.hu\/#\/schema\/person\/f7b8182fe81bf2cff9bef55da3570164"},"headline":"Hogyan v\u00e1lasszunk k\u00f6telet?","datePublished":"2017-11-15T11:31:26+00:00","dateModified":"2018-04-18T07:58:16+00:00","mainEntityOfPage":{"@id":"http:\/\/fortempack.hu\/?p=477"},"wordCount":857,"commentCount":0,"publisher":{"@id":"https:\/\/fortempack.hu\/#organization"},"articleSection":["H\u00edrek"],"inLanguage":"hu","potentialAction":[{"@type":"CommentAction","name":"Comment","target":["http:\/\/fortempack.hu\/?p=477#respond"]}]},{"@type":"WebPage","@id":"http:\/\/fortempack.hu\/?p=477","url":"http:\/\/fortempack.hu\/?p=477","name":"Hogyan v\u00e1lasszunk k\u00f6telet? - Fortempack web\u00e1ruh\u00e1z","isPartOf":{"@id":"https:\/\/fortempack.hu\/#website"},"datePublished":"2017-11-15T11:31:26+00:00","dateModified":"2018-04-18T07:58:16+00:00","breadcrumb":{"@id":"http:\/\/fortempack.hu\/?p=477#breadcrumb"},"inLanguage":"hu","potentialAction":[{"@type":"ReadAction","target":["http:\/\/fortempack.hu\/?p=477"]}]},{"@type":"BreadcrumbList","@id":"http:\/\/fortempack.hu\/?p=477#breadcrumb","itemListElement":[{"@type":"ListItem","position":1,"name":"Home","item":"https:\/\/fortempack.hu\/"},{"@type":"ListItem","position":2,"name":"Hogyan v\u00e1lasszunk k\u00f6telet?"}]},{"@type":"WebSite","@id":"https:\/\/fortempack.hu\/#website","url":"https:\/\/fortempack.hu\/","name":"Fortempack web\u00e1ruh\u00e1z","description":"Teljesk\u00f6r\u0171 ell\u00e1t\u00e1sban FORTEM!","publisher":{"@id":"https:\/\/fortempack.hu\/#organization"},"potentialAction":[{"@type":"SearchAction","target":{"@type":"EntryPoint","urlTemplate":"https:\/\/fortempack.hu\/?s={search_term_string}"},"query-input":"required name=search_term_string"}],"inLanguage":"hu"},{"@type":"Organization","@id":"https:\/\/fortempack.hu\/#organization","name":"Fortempack web\u00e1ruh\u00e1z","url":"https:\/\/fortempack.hu\/","sameAs":[],"logo":{"@type":"ImageObject","inLanguage":"hu","@id":"https:\/\/fortempack.hu\/#\/schema\/logo\/image\/","url":"http:\/\/fortempack.hu\/wp-content\/uploads\/2021\/11\/cropped-Fortem-logo.png","contentUrl":"http:\/\/fortempack.hu\/wp-content\/uploads\/2021\/11\/cropped-Fortem-logo.png","width":468,"height":143,"caption":"Fortempack web\u00e1ruh\u00e1z"},"image":{"@id":"https:\/\/fortempack.hu\/#\/schema\/logo\/image\/"}},{"@type":"Person","@id":"https:\/\/fortempack.hu\/#\/schema\/person\/f7b8182fe81bf2cff9bef55da3570164","name":"fortemadmin","image":{"@type":"ImageObject","inLanguage":"hu","@id":"https:\/\/fortempack.hu\/#\/schema\/person\/image\/","url":"http:\/\/0.gravatar.com\/avatar\/3afe0502513eab61ecf018c93c5ce12d?s=96&d=mm&r=g","contentUrl":"http:\/\/0.gravatar.com\/avatar\/3afe0502513eab61ecf018c93c5ce12d?s=96&d=mm&r=g","caption":"fortemadmin"},"url":"http:\/\/fortempack.hu\/?author=1"}]}},"_links":{"self":[{"href":"http:\/\/fortempack.hu\/index.php?rest_route=\/wp\/v2\/posts\/477"}],"collection":[{"href":"http:\/\/fortempack.hu\/index.php?rest_route=\/wp\/v2\/posts"}],"about":[{"href":"http:\/\/fortempack.hu\/index.php?rest_route=\/wp\/v2\/types\/post"}],"author":[{"embeddable":true,"href":"http:\/\/fortempack.hu\/index.php?rest_route=\/wp\/v2\/users\/1"}],"replies":[{"embeddable":true,"href":"http:\/\/fortempack.hu\/index.php?rest_route=%2Fwp%2Fv2%2Fcomments&post=477"}],"version-history":[{"count":5,"href":"http:\/\/fortempack.hu\/index.php?rest_route=\/wp\/v2\/posts\/477\/revisions"}],"predecessor-version":[{"id":616,"href":"http:\/\/fortempack.hu\/index.php?rest_route=\/wp\/v2\/posts\/477\/revisions\/616"}],"wp:featuredmedia":[{"embeddable":true,"href":"http:\/\/fortempack.hu\/index.php?rest_route=\/wp\/v2\/media\/373"}],"wp:attachment":[{"href":"http:\/\/fortempack.hu\/index.php?rest_route=%2Fwp%2Fv2%2Fmedia&parent=477"}],"wp:term":[{"taxonomy":"category","embeddable":true,"href":"http:\/\/fortempack.hu\/index.php?rest_route=%2Fwp%2Fv2%2Fcategories&post=477"},{"taxonomy":"post_tag","embeddable":true,"href":"http:\/\/fortempack.hu\/index.php?rest_route=%2Fwp%2Fv2%2Ftags&post=477"}],"curies":[{"name":"wp","href":"https:\/\/api.w.org\/{rel}","templated":true}]}}